{"id":545,"date":"2023-09-20T21:44:44","date_gmt":"2023-09-21T00:44:44","guid":{"rendered":"https:\/\/www.abapaz.org.br\/?p=545"},"modified":"2024-02-04T19:49:31","modified_gmt":"2024-02-04T22:49:31","slug":"o-lado-humanistico-do-trabalho-medico","status":"publish","type":"post","link":"https:\/\/www.abapaz.org.br\/index.php\/2023\/09\/20\/o-lado-humanistico-do-trabalho-medico\/","title":{"rendered":"\u00a0\u00a0 O lado human\u00edstico do trabalho m\u00e9dico"},"content":{"rendered":"\n<p>Profissional X Profissionalismo<\/p>\n\n\n\n<p>Profissional<\/p>\n\n\n\n<p>O bom profissional tem bons t\u00edtulos, um bom curriculum, dom\u00ednio te\u00f3rico e pr\u00e1tico e habilidades essenciais ao exerc\u00edcio da medicina.<\/p>\n\n\n\n<p>Profissionalismo<\/p>\n\n\n\n<p>Profissionalismo \u00e9 ter compet\u00eancia (conhecimento &#8211; saberes, habilidades &#8211; saber fazer e atitudes \u2013 saber ser), compromisso, educa\u00e7\u00e3o, respeito, virtude, sensibilidade para perscrutar os anseios mais \u00edntimos do ser humano que sofre.<\/p>\n\n\n\n<p>Tratar doen\u00e7as mais comuns \u00e9 mais simples, mas tratar doen\u00e7as graves requer compet\u00eancia.<\/p>\n\n\n\n<p>Compet\u00eancia \u00e9 \u201csaber ouvir\u201d ser um \u201cbom comunicador\u201d, interagir com seu paciente, ter atitudes b\u00e1sicas de um bom relacionamento humano \u2013 exerc\u00edcio de cidadania.<\/p>\n\n\n\n<p>Bons m\u00e9dicos s\u00e3o exemplares, s\u00e3o modelos de condutas, de comportamentos e de car\u00e1ter. A virtude n\u00e3o \u00e9 transmitida por palavras, mas conquistada e adquirida pela pr\u00e1tica, e a melhor forma de incuti-la \u00e9 pelo exemplo (Arist\u00f3teles). O potencial t\u00e9cnico cient\u00edfico deve ser igual ao potencial human\u00edstico \u2013 \u201csaber ser\u201d pilares da forma\u00e7\u00e3o m\u00e9dica.<\/p>\n\n\n\n<p>O bom m\u00e9dico \u00e9 estudioso do comportamento humano e compreende as necessidades existenciais deste ser humano. N\u00e3o \u00e9 um mero receitador de rem\u00e9dios, compreende a personalidade singular de cada paciente, acolhe a fam\u00edlia\u2026<\/p>\n\n\n\n<p>O bom profissional n\u00e3o v\u00ea s\u00f3 a doen\u00e7a, enxerga a pessoa, o indiv\u00edduo, o sujeito \u2013 \u201cgente\u201d. Sabe lidar com sentimentos, emo\u00e7\u00f5es \u2013 compreende o outro (o sofrimento, o medo, a dor, o temor, a perda, a ang\u00fastia\u2026).<\/p>\n\n\n\n<p>M\u00e9dicos educadores s\u00e3o guardi\u00f5es do corpo e da alma, alimentam esperan\u00e7a, mesmo que sejam vislumbres de esperan\u00e7a.<\/p>\n\n\n\n<p>O paciente \u00e9 um atento observador de seu m\u00e9dico e este desenvolve uma rela\u00e7\u00e3o emp\u00e1tica com seu paciente, inspirando confian\u00e7a.<\/p>\n\n\n\n<p>O bom m\u00e9dico cuida da doen\u00e7a, da sa\u00fade f\u00edsica, mental e espiritual. Cuida da pessoa!<\/p>\n\n\n\n<p>O tratamento m\u00e9dico sozinho n\u00e3o \u00e9 suficiente, apoio, educa\u00e7\u00e3o e informa\u00e7\u00e3o s\u00e3o partes importantes do tratamento. A fam\u00edlia \u00e9 fundamental no tratamento e precisa de apoio e suporte.<\/p>\n\n\n\n<p>O m\u00e9dico cidad\u00e3o reconhece que as Organiza\u00e7\u00f5es Sociais s\u00e3o fundamentais para que as a\u00e7\u00f5es p\u00fablicas aconte\u00e7am. A constru\u00e7\u00e3o e\/ou exig\u00eancias das pol\u00edticas p\u00fablicas se faz pela representa\u00e7\u00e3o e significa\u00e7\u00e3o dos grupos na sociedade. O bom m\u00e9dico ap\u00f3ia e refor\u00e7a a parceria de Institui\u00e7\u00f5es, visando fortalecer a\u00e7\u00f5es sociais que d\u00eaem apoio a idosos e a comunidade.<\/p>\n\n\n\n<p>O m\u00e9dico que atua com profissionalismo \u00e9 cidad\u00e3o consciente, tem responsabilidade social (informa sobre a gratuidade de medicamentos de alto custo, centros de refer\u00eancias para idosos), informa e orienta o paciente e a fam\u00edlia, a buscarem apoio de uma Associa\u00e7\u00e3o.<\/p>\n\n\n\n<p>\u201cUma das maneiras mais importantes de ajudar as pessoas \u00e9 oferecer-lhes informa\u00e7\u00e3o\u201d<\/p>\n\n\n\n<p>\u201cSolicitar ajuda \u00e9 um sinal de for\u00e7a e n\u00e3o de fraqueza\u201d<\/p>\n\n\n\n<p>Consulta: C\u00f3digo de \u00c9tica<\/p>\n\n\n\n<p>Autores Consultados:<\/p>\n\n\n\n<p>T. R. Harrison, Norman Cousins, Miguel Srougi, Arthur Smith, Elias Abdalla Filho, Bernard Lown<\/p>\n\n\n\n<p>Coordena\u00e7\u00e3o de Pesquisa<\/p>\n","protected":false},"excerpt":{"rendered":"<p>Profissional X Profissionalismo Profissional O bom profissional tem bons t\u00edtulos, um bom curriculum, dom\u00ednio te\u00f3rico e pr\u00e1tico e habilidades essenciais ao exerc\u00edcio da medicina. Profissionalismo Profissionalismo \u00e9 ter compet\u00eancia (conhecimento &#8211; saberes, habilidades &#8211; saber fazer e atitudes \u2013 saber ser), compromisso, educa\u00e7\u00e3o, respeito, virtude, sensibilidade para perscrutar os anseios mais \u00edntimos do ser humano [&hellip;]<\/p>\n","protected":false},"author":1,"featured_media":118,"comment_status":"closed","ping_status":"open","sticky":false,"template":"","format":"standard","meta":{"footnotes":""},"categories":[4,6,5],"tags":[],"class_list":["post-545","post","type-post","status-publish","format-standard","has-post-thumbnail","hentry","category-alzheimer","category-legislacao","category-noticia"],"_links":{"self":[{"href":"https:\/\/www.abapaz.org.br\/index.php\/wp-json\/wp\/v2\/posts\/545","targetHints":{"allow":["GET"]}}],"collection":[{"href":"https:\/\/www.abapaz.org.br\/index.php\/wp-json\/wp\/v2\/posts"}],"about":[{"href":"https:\/\/www.abapaz.org.br\/index.php\/wp-json\/wp\/v2\/types\/post"}],"author":[{"embeddable":true,"href":"https:\/\/www.abapaz.org.br\/index.php\/wp-json\/wp\/v2\/users\/1"}],"replies":[{"embeddable":true,"href":"https:\/\/www.abapaz.org.br\/index.php\/wp-json\/wp\/v2\/comments?post=545"}],"version-history":[{"count":1,"href":"https:\/\/www.abapaz.org.br\/index.php\/wp-json\/wp\/v2\/posts\/545\/revisions"}],"predecessor-version":[{"id":546,"href":"https:\/\/www.abapaz.org.br\/index.php\/wp-json\/wp\/v2\/posts\/545\/revisions\/546"}],"wp:featuredmedia":[{"embeddable":true,"href":"https:\/\/www.abapaz.org.br\/index.php\/wp-json\/wp\/v2\/media\/118"}],"wp:attachment":[{"href":"https:\/\/www.abapaz.org.br\/index.php\/wp-json\/wp\/v2\/media?parent=545"}],"wp:term":[{"taxonomy":"category","embeddable":true,"href":"https:\/\/www.abapaz.org.br\/index.php\/wp-json\/wp\/v2\/categories?post=545"},{"taxonomy":"post_tag","embeddable":true,"href":"https:\/\/www.abapaz.org.br\/index.php\/wp-json\/wp\/v2\/tags?post=545"}],"curies":[{"name":"wp","href":"https:\/\/api.w.org\/{rel}","templated":true}]}}